{"id":591,"date":"2021-11-05T10:16:15","date_gmt":"2021-11-05T09:16:15","guid":{"rendered":"https:\/\/diocesi.concordia-pordenone.it\/scuola\/?p=591"},"modified":"2021-11-16T08:16:32","modified_gmt":"2021-11-16T07:16:32","slug":"formazione-anno-2020-21","status":"publish","type":"post","link":"https:\/\/diocesi.concordia-pordenone.it\/scuola\/formazione-anno-2020-21\/","title":{"rendered":"Formazione anno 2021-22"},"content":{"rendered":"<p>Carissimi,<\/p>\n<p>in allegato trovate gli appuntamenti di quest\u2019anno relativi alla formazione per insegnanti di religione cattolica.<\/p>\n<p>Assieme all\u2019\u00e9quipe per la formazione si \u00e8 pensato di inserire questo percorso nel cammino sinodale voluto da papa Francesco per la Chiesa e gi\u00e0 intrapreso dalla diocesi.<\/p>\n<p>Confidando nella vostra piena partecipazione, colgo l\u2019occasione per augurarvi buon proseguimento di anno scolastico!<\/p>\n<p><em>Dott. Giovanni Dalla Torre, direttore<\/em><\/p>\n<hr class=\"wpba_attachment_hr\"><div id='wpba_attachment_list' class='wpba wpba-wrap'>\n<ul class='wpba-attachment-list unstyled'><li id='wpba_attachment_list_592' class='wpba-list-item pull-left'><img src='https:\/\/diocesi.concordia-pordenone.it\/scuola\/wp-content\/themes\/wp-starter-so\/icons\/document.png' width='16' height='20' class='wpba-icon pull-left'><a href='https:\/\/diocesi.concordia-pordenone.it\/scuola\/wp-content\/uploads\/sites\/5\/2021\/11\/proposta-formativa-idr-specialisti-a.s.-2021-2022.pdf' title='proposta formativa idr specialisti a.s. 2021-2022' class='wpba-link pull-left' target=\"_blank\">proposta formativa idr specialisti a.s. 2021-2022<\/a><\/li>\n<\/ul><\/div>\n","protected":false},"excerpt":{"rendered":"<p>Carissimi, in allegato trovate gli appuntamenti di quest\u2019anno relativi alla formazione per insegnanti di religione cattolica. Assieme all\u2019\u00e9quipe per la formazione si \u00e8 pensato di inserire questo percorso nel cammino sinodale voluto da papa Francesco per la Chiesa e gi\u00e0 intrapreso dalla diocesi. Confidando nella vostra piena partecipazione, colgo l\u2019occasione per augurarvi buon proseguimento di anno scolastico! Dott. Giovanni Dalla Torre, direttore proposta formativa idr &hellip; <a href=\"https:\/\/diocesi.concordia-pordenone.it\/scuola\/formazione-anno-2020-21\/\" class=\"more-link\">Continue reading <span class=\"screen-reader-text\"><\/span> <span class=\"meta-nav\">&raquo;<\/span><\/a><\/p>\n","protected":false},"author":0,"featured_media":593,"comment_status":"closed","ping_status":"closed","sticky":false,"template":"","format":"standard","meta":{"_acf_changed":false,"footnotes":""},"categories":[7,3],"tags":[],"class_list":["post-591","post","type-post","status-publish","format-standard","has-post-thumbnail","hentry","category-idr-specialisti","category-news"],"acf":[],"_links":{"self":[{"href":"https:\/\/diocesi.concordia-pordenone.it\/scuola\/wp-json\/wp\/v2\/posts\/591","targetHints":{"allow":["GET"]}}],"collection":[{"href":"https:\/\/diocesi.concordia-pordenone.it\/scuola\/wp-json\/wp\/v2\/posts"}],"about":[{"href":"https:\/\/diocesi.concordia-pordenone.it\/scuola\/wp-json\/wp\/v2\/types\/post"}],"author":[{"embeddable":true,"href":"https:\/\/diocesi.concordia-pordenone.it\/scuola\/wp-json\/wp\/v2\/users\/8"}],"replies":[{"embeddable":true,"href":"https:\/\/diocesi.concordia-pordenone.it\/scuola\/wp-json\/wp\/v2\/comments?post=591"}],"version-history":[{"count":2,"href":"https:\/\/diocesi.concordia-pordenone.it\/scuola\/wp-json\/wp\/v2\/posts\/591\/revisions"}],"predecessor-version":[{"id":600,"href":"https:\/\/diocesi.concordia-pordenone.it\/scuola\/wp-json\/wp\/v2\/posts\/591\/revisions\/600"}],"wp:featuredmedia":[{"embeddable":true,"href":"https:\/\/diocesi.concordia-pordenone.it\/scuola\/wp-json\/wp\/v2\/media\/593"}],"wp:attachment":[{"href":"https:\/\/diocesi.concordia-pordenone.it\/scuola\/wp-json\/wp\/v2\/media?parent=591"}],"wp:term":[{"taxonomy":"category","embeddable":true,"href":"https:\/\/diocesi.concordia-pordenone.it\/scuola\/wp-json\/wp\/v2\/categories?post=591"},{"taxonomy":"post_tag","embeddable":true,"href":"https:\/\/diocesi.concordia-pordenone.it\/scuola\/wp-json\/wp\/v2\/tags?post=591"}],"curies":[{"name":"wp","href":"https:\/\/api.w.org\/{rel}","templated":true}]}}