{"id":659,"date":"2022-10-26T15:17:40","date_gmt":"2022-10-26T13:17:40","guid":{"rendered":"https:\/\/diocesi.concordia-pordenone.it\/scuola\/?p=659"},"modified":"2022-10-26T15:18:27","modified_gmt":"2022-10-26T13:18:27","slug":"659-2","status":"publish","type":"post","link":"https:\/\/diocesi.concordia-pordenone.it\/scuola\/659-2\/","title":{"rendered":"Incontro con il servizio tutela dei minori"},"content":{"rendered":"<p>Carissime\/i,<br \/>\nvi ricordo l\u2019appuntamento, inserito nel piano formativo di quest\u2019anno, per la presentazione del Servizio per la tutela dei minori e delle persone vulnerabili.<br \/>\nL\u2019incontro con i referenti del Servizio \u00e8 fissato per venerd\u00ec 28 ottobre, ore 20.30 in Centro Pastorale Seminario (PN); per il tema trattato \u00e8 possibile estendere l\u2019invito anche a persone di vostra conoscenza che potrebbero essere interessate.<br \/>\nVi saluto cordialmente in attesa di vederci il 28 ottobre.<br \/>\nDott. Giovanni Dalla Torre, direttore<\/p>\n","protected":false},"excerpt":{"rendered":"<p>Carissime\/i, vi ricordo l\u2019appuntamento, inserito nel piano formativo di quest\u2019anno, per la presentazione del Servizio per la tutela dei minori e delle persone vulnerabili. L\u2019incontro con i referenti del Servizio \u00e8 fissato per venerd\u00ec 28 ottobre, ore 20.30 in Centro Pastorale Seminario (PN); per il tema trattato \u00e8 possibile estendere l\u2019invito anche a persone di vostra conoscenza che potrebbero essere interessate. Vi saluto cordialmente in &hellip; <a href=\"https:\/\/diocesi.concordia-pordenone.it\/scuola\/659-2\/\" class=\"more-link\">Continue reading <span class=\"screen-reader-text\"><\/span> <span class=\"meta-nav\">&raquo;<\/span><\/a><\/p>\n","protected":false},"author":0,"featured_media":593,"comment_status":"closed","ping_status":"closed","sticky":false,"template":"","format":"standard","meta":{"_acf_changed":false,"footnotes":""},"categories":[7,4,3],"tags":[],"class_list":["post-659","post","type-post","status-publish","format-standard","has-post-thumbnail","hentry","category-idr-specialisti","category-le-buone-pratiche","category-news"],"acf":[],"_links":{"self":[{"href":"https:\/\/diocesi.concordia-pordenone.it\/scuola\/wp-json\/wp\/v2\/posts\/659","targetHints":{"allow":["GET"]}}],"collection":[{"href":"https:\/\/diocesi.concordia-pordenone.it\/scuola\/wp-json\/wp\/v2\/posts"}],"about":[{"href":"https:\/\/diocesi.concordia-pordenone.it\/scuola\/wp-json\/wp\/v2\/types\/post"}],"author":[{"embeddable":true,"href":"https:\/\/diocesi.concordia-pordenone.it\/scuola\/wp-json\/wp\/v2\/users\/8"}],"replies":[{"embeddable":true,"href":"https:\/\/diocesi.concordia-pordenone.it\/scuola\/wp-json\/wp\/v2\/comments?post=659"}],"version-history":[{"count":2,"href":"https:\/\/diocesi.concordia-pordenone.it\/scuola\/wp-json\/wp\/v2\/posts\/659\/revisions"}],"predecessor-version":[{"id":661,"href":"https:\/\/diocesi.concordia-pordenone.it\/scuola\/wp-json\/wp\/v2\/posts\/659\/revisions\/661"}],"wp:featuredmedia":[{"embeddable":true,"href":"https:\/\/diocesi.concordia-pordenone.it\/scuola\/wp-json\/wp\/v2\/media\/593"}],"wp:attachment":[{"href":"https:\/\/diocesi.concordia-pordenone.it\/scuola\/wp-json\/wp\/v2\/media?parent=659"}],"wp:term":[{"taxonomy":"category","embeddable":true,"href":"https:\/\/diocesi.concordia-pordenone.it\/scuola\/wp-json\/wp\/v2\/categories?post=659"},{"taxonomy":"post_tag","embeddable":true,"href":"https:\/\/diocesi.concordia-pordenone.it\/scuola\/wp-json\/wp\/v2\/tags?post=659"}],"curies":[{"name":"wp","href":"https:\/\/api.w.org\/{rel}","templated":true}]}}