{"id":85,"date":"2013-10-23T11:11:00","date_gmt":"2013-10-23T09:11:00","guid":{"rendered":"https:\/\/diocesi.concordia-pordenone.it\/scuola\/ii-incontro-di-formazione\/"},"modified":"2013-10-23T11:11:00","modified_gmt":"2013-10-23T09:11:00","slug":"ii-incontro-di-formazione","status":"publish","type":"post","link":"https:\/\/diocesi.concordia-pordenone.it\/scuola\/ii-incontro-di-formazione\/","title":{"rendered":"II incontro di formazione"},"content":{"rendered":"<div>Buongiorno!<\/div>\n<div>Ricordo che domani mercoled\u00ec 23 ottobre, dalle ore 14.30 alle ore 19.00, Casa Madonna Pellegrina, si terr\u00e0 il secondo incontro del corso Costruire un curricolo verticare per sviluppare competenze personali.<\/div>\n<div>Sar\u00e0 importante avere cons\u00e9 la Nuova Intesa e le Indicazioni Nazionali.<\/div>\n<div>A domani!<\/div>\n<div>il Direttore<\/div>\n<div>dott. Givoanni Dalla Torre<\/div>\n","protected":false},"excerpt":{"rendered":"<p>Buongiorno! Ricordo che domani mercoled\u00ec 23 ottobre, dalle ore 14.30 alle ore 19.00, Casa Madonna Pellegrina, si terr\u00e0 il secondo incontro del corso Costruire un curricolo verticare per sviluppare competenze personali. Sar\u00e0 importante avere cons\u00e9 la Nuova Intesa e le Indicazioni Nazionali. A domani! il Direttore dott. Givoanni Dalla Torre<\/p>\n","protected":false},"author":0,"featured_media":0,"comment_status":"closed","ping_status":"closed","sticky":false,"template":"","format":"standard","meta":{"_acf_changed":false,"footnotes":""},"categories":[3],"tags":[],"class_list":["post-85","post","type-post","status-publish","format-standard","hentry","category-news"],"acf":[],"_links":{"self":[{"href":"https:\/\/diocesi.concordia-pordenone.it\/scuola\/wp-json\/wp\/v2\/posts\/85","targetHints":{"allow":["GET"]}}],"collection":[{"href":"https:\/\/diocesi.concordia-pordenone.it\/scuola\/wp-json\/wp\/v2\/posts"}],"about":[{"href":"https:\/\/diocesi.concordia-pordenone.it\/scuola\/wp-json\/wp\/v2\/types\/post"}],"author":[{"embeddable":true,"href":"https:\/\/diocesi.concordia-pordenone.it\/scuola\/wp-json\/wp\/v2\/users\/1"}],"replies":[{"embeddable":true,"href":"https:\/\/diocesi.concordia-pordenone.it\/scuola\/wp-json\/wp\/v2\/comments?post=85"}],"version-history":[{"count":0,"href":"https:\/\/diocesi.concordia-pordenone.it\/scuola\/wp-json\/wp\/v2\/posts\/85\/revisions"}],"wp:attachment":[{"href":"https:\/\/diocesi.concordia-pordenone.it\/scuola\/wp-json\/wp\/v2\/media?parent=85"}],"wp:term":[{"taxonomy":"category","embeddable":true,"href":"https:\/\/diocesi.concordia-pordenone.it\/scuola\/wp-json\/wp\/v2\/categories?post=85"},{"taxonomy":"post_tag","embeddable":true,"href":"https:\/\/diocesi.concordia-pordenone.it\/scuola\/wp-json\/wp\/v2\/tags?post=85"}],"curies":[{"name":"wp","href":"https:\/\/api.w.org\/{rel}","templated":true}]}}