{"id":90,"date":"2013-11-11T17:18:00","date_gmt":"2013-11-11T16:18:00","guid":{"rendered":"https:\/\/diocesi.concordia-pordenone.it\/scuola\/ritiro-in-preparazione-del-natale-2013\/"},"modified":"2013-11-11T17:18:00","modified_gmt":"2013-11-11T16:18:00","slug":"ritiro-in-preparazione-del-natale-2013","status":"publish","type":"post","link":"https:\/\/diocesi.concordia-pordenone.it\/scuola\/ritiro-in-preparazione-del-natale-2013\/","title":{"rendered":"Ritiro in preparazione del Natale 2013"},"content":{"rendered":"<div>\u00a0Carissimi Insegnanti,<\/div>\n<div>in collaborazione con l\u2019Ufficio Catechistico vi proponiamo un momento \u2018rigeneratore\u2019 in preparazione all&#8217;Avvento 2013.<\/div>\n<div>Questo tempo per la cura della dimensione spirituale sar\u00e0 guidato da don Maurizio Girolami e la preghiera iniziale sar\u00e0 curata dal Gruppo Gioia de La Nostra Famiglia, ci sar\u00e0 spazio anche per un momento di riflessione personale e per accostarsi al sacramento della riconciliazione.<\/div>\n<div><strong>Vi aspetto sabato 16 novembre, dalle ore 14.45 alle ore 17.30 presso la Casa Madonna Pellegrina.<\/strong><\/div>\n<div>Cordiali saluti<\/div>\n<div>il Direttore<\/div>\n<div>dott. Giovanni Dalla Torre<\/div>\n","protected":false},"excerpt":{"rendered":"<p>\u00a0Carissimi Insegnanti, in collaborazione con l\u2019Ufficio Catechistico vi proponiamo un momento \u2018rigeneratore\u2019 in preparazione all&#8217;Avvento 2013. Questo tempo per la cura della dimensione spirituale sar\u00e0 guidato da don Maurizio Girolami e la preghiera iniziale sar\u00e0 curata dal Gruppo Gioia de La Nostra Famiglia, ci sar\u00e0 spazio anche per un momento di riflessione personale e per accostarsi al sacramento della riconciliazione. Vi aspetto sabato 16 novembre, &hellip; <a href=\"https:\/\/diocesi.concordia-pordenone.it\/scuola\/ritiro-in-preparazione-del-natale-2013\/\" class=\"more-link\">Continue reading <span class=\"screen-reader-text\"><\/span> <span class=\"meta-nav\">&raquo;<\/span><\/a><\/p>\n","protected":false},"author":0,"featured_media":0,"comment_status":"closed","ping_status":"closed","sticky":false,"template":"","format":"standard","meta":{"_acf_changed":false,"footnotes":""},"categories":[3],"tags":[],"class_list":["post-90","post","type-post","status-publish","format-standard","hentry","category-news"],"acf":[],"_links":{"self":[{"href":"https:\/\/diocesi.concordia-pordenone.it\/scuola\/wp-json\/wp\/v2\/posts\/90","targetHints":{"allow":["GET"]}}],"collection":[{"href":"https:\/\/diocesi.concordia-pordenone.it\/scuola\/wp-json\/wp\/v2\/posts"}],"about":[{"href":"https:\/\/diocesi.concordia-pordenone.it\/scuola\/wp-json\/wp\/v2\/types\/post"}],"author":[{"embeddable":true,"href":"https:\/\/diocesi.concordia-pordenone.it\/scuola\/wp-json\/wp\/v2\/users\/1"}],"replies":[{"embeddable":true,"href":"https:\/\/diocesi.concordia-pordenone.it\/scuola\/wp-json\/wp\/v2\/comments?post=90"}],"version-history":[{"count":0,"href":"https:\/\/diocesi.concordia-pordenone.it\/scuola\/wp-json\/wp\/v2\/posts\/90\/revisions"}],"wp:attachment":[{"href":"https:\/\/diocesi.concordia-pordenone.it\/scuola\/wp-json\/wp\/v2\/media?parent=90"}],"wp:term":[{"taxonomy":"category","embeddable":true,"href":"https:\/\/diocesi.concordia-pordenone.it\/scuola\/wp-json\/wp\/v2\/categories?post=90"},{"taxonomy":"post_tag","embeddable":true,"href":"https:\/\/diocesi.concordia-pordenone.it\/scuola\/wp-json\/wp\/v2\/tags?post=90"}],"curies":[{"name":"wp","href":"https:\/\/api.w.org\/{rel}","templated":true}]}}