{"id":102,"date":"2014-09-19T13:40:00","date_gmt":"2014-09-19T11:40:00","guid":{"rendered":"https:\/\/diocesi.concordia-pordenone.it\/seminario\/prima-uscita-della-comunita-del-seminario-maggiore\/"},"modified":"2014-09-19T13:40:00","modified_gmt":"2014-09-19T11:40:00","slug":"prima-uscita-della-comunita-del-seminario-maggiore","status":"publish","type":"post","link":"https:\/\/diocesi.concordia-pordenone.it\/seminario\/prima-uscita-della-comunita-del-seminario-maggiore\/","title":{"rendered":"Prima uscita della Comunit\u00e0 del Seminario Maggiore"},"content":{"rendered":"<div>Marted\u00ec 16 settembre la comunit\u00e0 del Seminario Maggiore \u00e8 andata in visita nella Pieve d&#8217;Asio, dove ha vissuto preziosi momenti di fraternit\u00e0 e preghiera, per cominciare nel migliore dei modi il nuovo anno. Un grazie particolare al parroco, che ci ha riservato una calorosa accoglienza!<\/div>\n","protected":false},"excerpt":{"rendered":"<p>Marted\u00ec 16 settembre la comunit\u00e0 del Seminario Maggiore \u00e8 andata in visita nella Pieve d&#8217;Asio, dove ha vissuto preziosi momenti di fraternit\u00e0 e preghiera, per cominciare nel migliore dei modi il nuovo anno. Un grazie particolare al parroco, che ci ha riservato una calorosa accoglienza!<\/p>\n","protected":false},"author":0,"featured_media":103,"comment_status":"closed","ping_status":"closed","sticky":false,"template":"","format":"standard","meta":{"_acf_changed":false,"footnotes":""},"categories":[4],"tags":[],"class_list":["post-102","post","type-post","status-publish","format-standard","has-post-thumbnail","hentry","category-news"],"acf":[],"_links":{"self":[{"href":"https:\/\/diocesi.concordia-pordenone.it\/seminario\/wp-json\/wp\/v2\/posts\/102","targetHints":{"allow":["GET"]}}],"collection":[{"href":"https:\/\/diocesi.concordia-pordenone.it\/seminario\/wp-json\/wp\/v2\/posts"}],"about":[{"href":"https:\/\/diocesi.concordia-pordenone.it\/seminario\/wp-json\/wp\/v2\/types\/post"}],"author":[{"embeddable":true,"href":"https:\/\/diocesi.concordia-pordenone.it\/seminario\/wp-json\/wp\/v2\/users\/1"}],"replies":[{"embeddable":true,"href":"https:\/\/diocesi.concordia-pordenone.it\/seminario\/wp-json\/wp\/v2\/comments?post=102"}],"version-history":[{"count":0,"href":"https:\/\/diocesi.concordia-pordenone.it\/seminario\/wp-json\/wp\/v2\/posts\/102\/revisions"}],"wp:featuredmedia":[{"embeddable":true,"href":"https:\/\/diocesi.concordia-pordenone.it\/seminario\/wp-json\/wp\/v2\/media\/103"}],"wp:attachment":[{"href":"https:\/\/diocesi.concordia-pordenone.it\/seminario\/wp-json\/wp\/v2\/media?parent=102"}],"wp:term":[{"taxonomy":"category","embeddable":true,"href":"https:\/\/diocesi.concordia-pordenone.it\/seminario\/wp-json\/wp\/v2\/categories?post=102"},{"taxonomy":"post_tag","embeddable":true,"href":"https:\/\/diocesi.concordia-pordenone.it\/seminario\/wp-json\/wp\/v2\/tags?post=102"}],"curies":[{"name":"wp","href":"https:\/\/api.w.org\/{rel}","templated":true}]}}