{"id":1570,"date":"2026-04-26T18:54:23","date_gmt":"2026-04-26T16:54:23","guid":{"rendered":"https:\/\/diocesi.concordia-pordenone.it\/seminario\/?p=1570"},"modified":"2026-04-27T11:10:12","modified_gmt":"2026-04-27T09:10:12","slug":"ordinazioni-presbiterali-il-6-giugno","status":"publish","type":"post","link":"https:\/\/diocesi.concordia-pordenone.it\/seminario\/ordinazioni-presbiterali-il-6-giugno\/","title":{"rendered":"ORDINAZIONI PRESBITERALI IL 6 GIUGNO"},"content":{"rendered":"<p>Nella giornata mondiale di preghiera per le vocazioni, la famiglia del Seminario Diocesano annuncia con gioia la prossima <strong>Ordinazione Presbiterale<\/strong> di tre alunni:<\/p>\n<p><strong>don Davide Cancian<\/strong>, 26 anni, originario di Tauriano di Spilimbergo, attualmente in servizio diaconale nelle Parrocchie dell&#8217;Unit\u00e0 Pastorale di Concordia Sagittaria;<\/p>\n<p><strong>don Matteo Pietrobon<\/strong>, 35 anni, originario di Gardigiano di Scorz\u00e8, in servizio pastorale come diacono nelle comunit\u00e0 di Maniago e Campagna e presso il CRO di Aviano, collaborando pure con il Servizio Diocesano di Pastorale Vocazionale;<\/p>\n<p><strong>don Michael Rossit<\/strong>, 27 anni, originario della Parrocchia di San Marco in Pordenone, in servizio diaconale presso la Casa Circondariale di Treviso, collaborando nelle attivit\u00e0 della Pastorale Carceraria.<\/p>\n<p>La Solenne Concelebrazione Eucaristica con il Rito di Ordinazione avr\u00e0 luogo<br \/>\n<strong>SABATO 6 GIUGNO ALLE ORE 9.30 nella Cattedrale di &#8220;S. Stefano Protomartire&#8221; di Concordia Sagittaria<br \/>\n<\/strong>e sar\u00e0 presieduta dal Vescovo Diocesano Mons. Giuseppe Pellegrini.<\/p>\n<p>I novelli sacerdoti celebreranno la loro <strong>Prima Messa Solenne<\/strong> domenica 7 giugno, Solennit\u00e0 del <em>Corpus Domini<\/em>:<br \/>\ndon Davide alle ore 10.30 nella chiesa parrocchiale di Tauriano, don Matteo alle ore 09.30 nella chiesa parrocchiale di Trivignano,<br \/>\ndon Michael alle ore 11 nel duomo di Pordenone.<\/p>\n<p>&nbsp;<\/p>\n<p><img loading=\"lazy\" decoding=\"async\" class=\"alignnone size-medium wp-image-1577\" src=\"https:\/\/diocesi.concordia-pordenone.it\/seminario\/wp-content\/uploads\/sites\/6\/2026\/04\/WhatsApp-Image-2026-04-26-at-18.19.37-205x300.jpeg\" alt=\"\" width=\"205\" height=\"300\" srcset=\"https:\/\/diocesi.concordia-pordenone.it\/seminario\/wp-content\/uploads\/sites\/6\/2026\/04\/WhatsApp-Image-2026-04-26-at-18.19.37-205x300.jpeg 205w, https:\/\/diocesi.concordia-pordenone.it\/seminario\/wp-content\/uploads\/sites\/6\/2026\/04\/WhatsApp-Image-2026-04-26-at-18.19.37-700x1024.jpeg 700w, https:\/\/diocesi.concordia-pordenone.it\/seminario\/wp-content\/uploads\/sites\/6\/2026\/04\/WhatsApp-Image-2026-04-26-at-18.19.37-768x1123.jpeg 768w, https:\/\/diocesi.concordia-pordenone.it\/seminario\/wp-content\/uploads\/sites\/6\/2026\/04\/WhatsApp-Image-2026-04-26-at-18.19.37-1050x1536.jpeg 1050w, https:\/\/diocesi.concordia-pordenone.it\/seminario\/wp-content\/uploads\/sites\/6\/2026\/04\/WhatsApp-Image-2026-04-26-at-18.19.37-600x878.jpeg 600w, https:\/\/diocesi.concordia-pordenone.it\/seminario\/wp-content\/uploads\/sites\/6\/2026\/04\/WhatsApp-Image-2026-04-26-at-18.19.37-1200x1755.jpeg 1200w, https:\/\/diocesi.concordia-pordenone.it\/seminario\/wp-content\/uploads\/sites\/6\/2026\/04\/WhatsApp-Image-2026-04-26-at-18.19.37-800x1170.jpeg 800w, https:\/\/diocesi.concordia-pordenone.it\/seminario\/wp-content\/uploads\/sites\/6\/2026\/04\/WhatsApp-Image-2026-04-26-at-18.19.37.jpeg 1400w\" sizes=\"auto, (max-width: 205px) 100vw, 205px\" \/><\/p>\n","protected":false},"excerpt":{"rendered":"<p>Nella giornata mondiale di preghiera per le vocazioni, la famiglia del Seminario Diocesano annuncia con gioia la prossima Ordinazione Presbiterale di tre alunni: don Davide Cancian, 26 anni, originario di Tauriano di Spilimbergo, attualmente in servizio diaconale nelle Parrocchie dell&#8217;Unit\u00e0 Pastorale di Concordia Sagittaria; don Matteo Pietrobon, 35 anni, originario di Gardigiano di Scorz\u00e8, in servizio pastorale come diacono nelle comunit\u00e0 di Maniago e Campagna &hellip; <a href=\"https:\/\/diocesi.concordia-pordenone.it\/seminario\/ordinazioni-presbiterali-il-6-giugno\/\" class=\"more-link\">Continue reading <span class=\"screen-reader-text\"><\/span> <span class=\"meta-nav\">&raquo;<\/span><\/a><\/p>\n","protected":false},"author":0,"featured_media":1491,"comment_status":"closed","ping_status":"closed","sticky":false,"template":"","format":"standard","meta":{"_acf_changed":false,"footnotes":""},"categories":[4,196,204],"tags":[],"class_list":["post-1570","post","type-post","status-publish","format-standard","has-post-thumbnail","hentry","category-news","category-ordinazioni","category-vocazioni"],"acf":[],"_links":{"self":[{"href":"https:\/\/diocesi.concordia-pordenone.it\/seminario\/wp-json\/wp\/v2\/posts\/1570","targetHints":{"allow":["GET"]}}],"collection":[{"href":"https:\/\/diocesi.concordia-pordenone.it\/seminario\/wp-json\/wp\/v2\/posts"}],"about":[{"href":"https:\/\/diocesi.concordia-pordenone.it\/seminario\/wp-json\/wp\/v2\/types\/post"}],"author":[{"embeddable":true,"href":"https:\/\/diocesi.concordia-pordenone.it\/seminario\/wp-json\/wp\/v2\/users\/19"}],"replies":[{"embeddable":true,"href":"https:\/\/diocesi.concordia-pordenone.it\/seminario\/wp-json\/wp\/v2\/comments?post=1570"}],"version-history":[{"count":3,"href":"https:\/\/diocesi.concordia-pordenone.it\/seminario\/wp-json\/wp\/v2\/posts\/1570\/revisions"}],"predecessor-version":[{"id":1580,"href":"https:\/\/diocesi.concordia-pordenone.it\/seminario\/wp-json\/wp\/v2\/posts\/1570\/revisions\/1580"}],"wp:featuredmedia":[{"embeddable":true,"href":"https:\/\/diocesi.concordia-pordenone.it\/seminario\/wp-json\/wp\/v2\/media\/1491"}],"wp:attachment":[{"href":"https:\/\/diocesi.concordia-pordenone.it\/seminario\/wp-json\/wp\/v2\/media?parent=1570"}],"wp:term":[{"taxonomy":"category","embeddable":true,"href":"https:\/\/diocesi.concordia-pordenone.it\/seminario\/wp-json\/wp\/v2\/categories?post=1570"},{"taxonomy":"post_tag","embeddable":true,"href":"https:\/\/diocesi.concordia-pordenone.it\/seminario\/wp-json\/wp\/v2\/tags?post=1570"}],"curies":[{"name":"wp","href":"https:\/\/api.w.org\/{rel}","templated":true}]}}